[{"@context":"https:\/\/schema.org\/","@type":"Article","@id":"https:\/\/www.cernaliska.cz\/2019\/12\/10\/vznesena-konska-hlava\/#Article","mainEntityOfPage":"https:\/\/www.cernaliska.cz\/2019\/12\/10\/vznesena-konska-hlava\/","headline":"Vzne\u0161en\u00e1 ko\u0148sk\u00e1 hlava","name":"Vzne\u0161en\u00e1 ko\u0148sk\u00e1 hlava","description":"Snad \u00fapln\u011b ka\u017ed\u00e9 d\u00edt\u011b vzhl\u00ed\u017e\u00ed ke koni jako k n\u011b\u010demu, co je kr\u00e1sn\u00e9, vzne\u0161en\u00e9 a skute\u010dn\u011b je l\u00e1kav\u00e9 se projet na jeho h\u0159betu. Ne ka\u017ed\u00e9mu se ov\u0161em tato touha napln\u00ed, jeliko\u017e i p\u0159es svoji kr\u00e1su se jedn\u00e1 o pom\u011brn\u011b velk\u00e9 zv\u00ed\u0159e, kter\u00e9 bud\u00ed z\u00e1rove\u0148 slu\u0161n\u00fd respekt. Komu ov\u0161em l\u00e1ska ke kon\u00edm z\u016fstane, tak m\u016f\u017ee za\u017e\u00edt [&hellip;]","datePublished":"2019-12-10","dateModified":"2019-12-10","author":{"@type":"Person","@id":"https:\/\/www.cernaliska.cz\/author\/devene\/#Person","name":"devene","url":"https:\/\/www.cernaliska.cz\/author\/devene\/","identifier":1,"image":{"@type":"ImageObject","@id":"https:\/\/secure.gravatar.com\/avatar\/c85ed962cb1c3e1e680178ad084e2102c88284f87c8033477621334d3d050a6d?s=96&d=mm&r=g","url":"https:\/\/secure.gravatar.com\/avatar\/c85ed962cb1c3e1e680178ad084e2102c88284f87c8033477621334d3d050a6d?s=96&d=mm&r=g","height":96,"width":96}},"publisher":{"@type":"Organization","name":"cernaliska.cz","logo":{"@type":"ImageObject","@id":"\/logo.png","url":"\/logo.png","width":600,"height":60}},"image":{"@type":"ImageObject","@id":"https:\/\/www.cernaliska.cz\/wp-content\/uploads\/img_a372210_w1778_t1583750932.jpg","url":"https:\/\/www.cernaliska.cz\/wp-content\/uploads\/img_a372210_w1778_t1583750932.jpg","height":0,"width":0},"url":"https:\/\/www.cernaliska.cz\/2019\/12\/10\/vznesena-konska-hlava\/","wordCount":478,"articleBody":"   Snad \u00fapln\u011b ka\u017ed\u00e9 d\u00edt\u011b vzhl\u00ed\u017e\u00ed ke koni jako k n\u011b\u010demu, co je kr\u00e1sn\u00e9, vzne\u0161en\u00e9 a skute\u010dn\u011b je l\u00e1kav\u00e9 se projet na jeho h\u0159betu. Ne ka\u017ed\u00e9mu se ov\u0161em tato touha napln\u00ed, jeliko\u017e i p\u0159es svoji kr\u00e1su se jedn\u00e1 o pom\u011brn\u011b velk\u00e9 zv\u00ed\u0159e, kter\u00e9 bud\u00ed z\u00e1rove\u0148 slu\u0161n\u00fd respekt. Komu ov\u0161em l\u00e1ska ke kon\u00edm z\u016fstane, tak m\u016f\u017ee za\u017e\u00edt jedine\u010dn\u011b kr\u00e1sn\u00e9 z\u00e1\u017eitky z jeho ko\u0148sk\u00e9ho h\u0159betu. Ji\u017e podle postoje, nata\u017een\u00e9ho nebo uvoln\u011bn\u00e9ho krku \u010di pohledu do ko\u0148sk\u00fdch o\u010d\u00ed, se \u010dlov\u011bk snadno nau\u010d\u00ed porozum\u011bt ko\u0148sk\u00e9mu duchu a bude p\u0159edv\u00eddat, co mu t\u00edm tento \u017eiv\u00fd tvor bude cht\u00edt \u0159\u00edct. Tak aby se jezdec \u010di o\u0161et\u0159ovatel snadn\u011bji mohl prosadit se sv\u00fdmi n\u00e1zory a veden\u00edm, tak rozhodn\u011b pot\u0159ebuje jednu velmi d\u016fle\u017eitou v\u011bc nebo sp\u00ed\u0161e pom\u016fcku, kterou je ohl\u00e1vka. Ta rozhodn\u011b spojuje tyto dv\u011b bytosti, aby se snadn\u011bji dorozum\u011bly mezi sebou.  Ohl\u00e1vka ur\u010duje sm\u011br D\u00edky kvalitn\u00edmu vypracov\u00e1n\u00ed ohl\u00e1vky se nikdo nemus\u00ed ob\u00e1vat toho, \u017ee by nezvl\u00e1dl zkrotit tak divokou du\u0161i, kterou maj\u00ed kon\u011b uvnit\u0159 sebe. Ji\u017e od mala je t\u0159eba je u\u010dit, \u017ee pr\u00e1v\u011b tato pom\u016fcka bude takov\u00fdm prost\u0159ednictv\u00edm k jednodu\u0161\u0161\u00ed domluv\u011b a ovl\u00e1d\u00e1n\u00ed. Pokud se ji h\u0159\u00edb\u011b od mali\u010dka nau\u010d\u00ed nosit, pot\u00e9 mu nebude d\u011blat probl\u00e9my reagovat na povely, kterou bude jezdec vyd\u00e1vat. Existuje n\u011bkolik mo\u017en\u00fdch verz\u00ed a n\u011bkter\u00e9 z nich mohou b\u00fdt i kr\u00e1sn\u011b zdoben\u00e9, co\u017e je nap\u0159\u00edklad ohl\u00e1vka na kon\u011b Pro kon\u011b-JS, vyroben\u00e1 z kvalitn\u00edho materi\u00e1lu. Ohl\u00e1vka st\u00e1jov\u00e1 \u2013 je ur\u010den\u00e1 p\u0159edev\u0161\u00edm ke snadn\u011bj\u0161\u00ed manipulaci p\u0159i p\u0159evodu kon\u011b nap\u0159\u00edklad na koloto\u010d nebo do st\u00e1je, \u010di na p\u0159edv\u00e1d\u011bn\u00ed na aukci a podobn\u011b. Tyto ohl\u00e1vky nejsou ur\u010deny pro j\u00edzdu \u010di v\u00fdcvik pod sedlem. Jezdeck\u00e1 ohl\u00e1vka \u2013 m\u016f\u017ee m\u00edt n\u011bkolik r\u016fzn\u00fdch verz\u00ed od oby\u010dejn\u00e9, kter\u00e1 bude ur\u010dena pro b\u011b\u017en\u00e9 j\u00edzdy, a\u017e po r\u016fzn\u011b zdoben\u00e9, tvarovan\u00e9 \u010di jinak uzp\u016fsoben\u00e9. V\u011bt\u0161inou se pou\u017e\u00edvaj\u00ed na p\u0159ehl\u00eddk\u00e1ch, dostiz\u00edch nebo sout\u011b\u017e\u00edch, podle toho, o jakou akci se bude jednat. Zde je t\u0159eba m\u00edt jinak provedenou ohl\u00e1vku ji\u017e s udidlem, kter\u00e9 je d\u016fle\u017eitou spojnic\u00ed pro ur\u010den\u00ed sm\u011bru j\u00edzdy \u010di jin\u00e9ho povelu. P\u0159irozen\u011b se spojen\u00edm oprat\u00ed nebo ot\u011b\u017e\u00ed, podle toho jestli se bude zapojovat k\u016f\u0148 do sp\u0159e\u017een\u00ed nebo bude chodit pouze pod sedlem.                                                                                                                                                                                                                                                                                                                                                                                                  "},{"@context":"https:\/\/schema.org\/","@type":"BreadcrumbList","itemListElement":[{"@type":"ListItem","position":1,"name":"2019","item":"https:\/\/www.cernaliska.cz\/2019\/#breadcrumbitem"},{"@type":"ListItem","position":2,"name":"12","item":"https:\/\/www.cernaliska.cz\/2019\/\/12\/#breadcrumbitem"},{"@type":"ListItem","position":3,"name":"10","item":"https:\/\/www.cernaliska.cz\/2019\/\/12\/\/10\/#breadcrumbitem"},{"@type":"ListItem","position":4,"name":"Vzne\u0161en\u00e1 ko\u0148sk\u00e1 hlava","item":"https:\/\/www.cernaliska.cz\/2019\/12\/10\/vznesena-konska-hlava\/#breadcrumbitem"}]}]