[{"@context":"https:\/\/schema.org\/","@type":"Article","@id":"https:\/\/www.cernaliska.cz\/2017\/01\/15\/horska-vesnicka-kvilda\/#Article","mainEntityOfPage":"https:\/\/www.cernaliska.cz\/2017\/01\/15\/horska-vesnicka-kvilda\/","headline":"Horsk\u00e1 vesni\u010dka Kvilda","name":"Horsk\u00e1 vesni\u010dka Kvilda","description":"O Kvild\u011b Kvilda je malebn\u00e1 vesni\u010dka v\u00a0srdci \u0160umavy, o n\u00ed\u017e prvn\u00ed zm\u00ednky poch\u00e1zej\u00ed z 16. stolet\u00ed. Jedn\u00e1 se o nejv\u00fd\u0161e polo\u017eenou vesnici v\u00a0cel\u00e9 \u010cesk\u00e9 republice a podle toho jsou tu i teploty. I v\u00a0l\u00e9t\u011b se v\u00a0n\u011bkter\u00fdch m\u00edstech p\u0159es noc nam\u011b\u0159\u00ed teplota kolem nuly. To ov\u0161em nebr\u00e1n\u00ed slun\u00ed\u010dku rozeh\u0159\u00e1t krajinu p\u0159es den na kr\u00e1sn\u00e9 letn\u00ed teploty. [&hellip;]","datePublished":"2017-01-15","dateModified":"2017-01-15","author":{"@type":"Person","@id":"https:\/\/www.cernaliska.cz\/author\/devene\/#Person","name":"devene","url":"https:\/\/www.cernaliska.cz\/author\/devene\/","identifier":1,"image":{"@type":"ImageObject","@id":"https:\/\/secure.gravatar.com\/avatar\/c85ed962cb1c3e1e680178ad084e2102c88284f87c8033477621334d3d050a6d?s=96&d=mm&r=g","url":"https:\/\/secure.gravatar.com\/avatar\/c85ed962cb1c3e1e680178ad084e2102c88284f87c8033477621334d3d050a6d?s=96&d=mm&r=g","height":96,"width":96}},"publisher":{"@type":"Organization","name":"cernaliska.cz","logo":{"@type":"ImageObject","@id":"\/logo.png","url":"\/logo.png","width":600,"height":60}},"url":"https:\/\/www.cernaliska.cz\/2017\/01\/15\/horska-vesnicka-kvilda\/","wordCount":426,"articleBody":"O Kvild\u011bKvilda je malebn\u00e1 vesni\u010dka v\u00a0srdci \u0160umavy, o n\u00ed\u017e prvn\u00ed zm\u00ednky poch\u00e1zej\u00ed z 16. stolet\u00ed. Jedn\u00e1 se o nejv\u00fd\u0161e polo\u017eenou vesnici v\u00a0cel\u00e9 \u010cesk\u00e9 republice a podle toho jsou tu i teploty. I v\u00a0l\u00e9t\u011b se v\u00a0n\u011bkter\u00fdch m\u00edstech p\u0159es noc nam\u011b\u0159\u00ed teplota kolem nuly. To ov\u0161em nebr\u00e1n\u00ed slun\u00ed\u010dku rozeh\u0159\u00e1t krajinu p\u0159es den na kr\u00e1sn\u00e9 letn\u00ed teploty. Malebn\u00fd kostel sv. \u0160t\u011bp\u00e1na m\u00e1 \u0161indelovou st\u0159echu, co\u017e jist\u011b zaujme ka\u017ed\u00e9ho n\u00e1v\u0161t\u011bvn\u00edka.Ubytov\u00e1n\u00edKvilda nab\u00edz\u00ed dostate\u010dn\u00e9 ubytovac\u00ed kapacity. Jsou zde hotely a penziony r\u016fzn\u00fdch velikost\u00ed i r\u016fzn\u00e9ho st\u00e1\u0159\u00ed a \u00farovn\u011b. Je zde tak\u00e9 dostatek ubytov\u00e1n\u00ed v\u00a0soukrom\u00ed, pokud neholdujete hotel\u016fm. M\u00edsto je ov\u0161em velice obl\u00edben\u00e9 a tak si sv\u016fj pobyt rezervujte v\u010das, proto\u017ee by se v\u00e1m mohlo st\u00e1t, \u017ee v\u00a0term\u00ednu, kter\u00fd po\u017eadujete, nebude volno.Slu\u017ebyV obci najdete po\u0161tu hned u hlavn\u00ed silnice, tak\u017ee sv\u00e9 pohledy z\u00a0dovolen\u00e9 m\u016f\u017eete poslat hned, jakmile p\u016fjdete od sjezdovky. Naproti jsou obchody se suven\u00fdry, sportovn\u00ed obchod a tak\u00e9 obchod se sm\u00ed\u0161en\u00fdm zbo\u017e\u00edm. Vedle po\u0161ty je um\u00edst\u011bna p\u016fj\u010dovna ly\u017e\u00ed. Mnoho restaurac\u00ed, kter\u00e9 zde jsou, se mohou pochlubit m\u00edstn\u00edmi specialitami. Vyhl\u00e1\u0161en\u00e1 je tak\u00e9 zdej\u0161\u00ed pek\u00e1rna, kde si m\u016f\u017eete zakoupit slan\u00e9 i sladk\u00e9 pe\u010divo, vyhl\u00e1\u0161en\u00e9 kol\u00e1\u010de aj.Mo\u017enosti v\u00fdlet\u016fzimaV\u00a0zim\u011b je zde b\u011bhem sez\u00f3ny dostatek sn\u011bhu a na sv\u00e9 si jist\u011b p\u0159ijdou milovn\u00edci b\u011b\u017eek, proto\u017ee zde jsou kr\u00e1sn\u00e9 b\u011b\u017eka\u0159sk\u00e9 trasy. Hlubok\u00e9 smrkov\u00e9 lesy p\u0159\u00edmo vyz\u00fdvaj\u00ed k\u00a0tomu, abyste se jimi projeli, stejn\u011b jako po kr\u00e1sn\u00fdch dlouh\u00fdch pl\u00e1n\u00edch. I sjezdov\u00e9 ly\u017eov\u00e1n\u00ed si zde u\u017eijete. Vlek, kter\u00fd je p\u0159\u00edmo na Kvild\u011b, ocen\u00ed jist\u011b rodi\u010de s\u00a0d\u011btmi a stejn\u011b tak i za\u010d\u00e1te\u010dn\u00edci.l\u00e9toV\u00a0l\u00e9t\u011b odsud m\u016f\u017eete podnikat mnoh\u00e9 p\u011b\u0161\u00ed i cyklistick\u00e9 v\u00fdlety do okol\u00ed. Nadchne v\u00e1s jist\u011b cesta k\u00a0prameni Vltavy, kter\u00e1 nen\u00ed del\u0161\u00ed, ne\u017e 6 km a ujdou ji jist\u011b i senio\u0159i. D\u00e1le t\u0159eba proch\u00e1zka pod\u00e9l \u0159eky Vydry je vhodn\u00e1 pro mal\u00e9 d\u011bti, ko\u010d\u00e1rky \u010di seniory. Cyklistick\u00fd v\u00fdlet m\u016f\u017eete podniknout t\u0159eba ke kr\u00e1sn\u00e9 T\u0159\u00edjezern\u00ed slati, kter\u00e1 nab\u00edz\u00ed velice zvl\u00e1\u0161tn\u00ed atmosf\u00e9ru.                                                                                                                                                                                                                                                                                                                                                                                                 "},{"@context":"https:\/\/schema.org\/","@type":"BreadcrumbList","itemListElement":[{"@type":"ListItem","position":1,"name":"2017","item":"https:\/\/www.cernaliska.cz\/2017\/#breadcrumbitem"},{"@type":"ListItem","position":2,"name":"01","item":"https:\/\/www.cernaliska.cz\/2017\/\/01\/#breadcrumbitem"},{"@type":"ListItem","position":3,"name":"15","item":"https:\/\/www.cernaliska.cz\/2017\/\/01\/\/15\/#breadcrumbitem"},{"@type":"ListItem","position":4,"name":"Horsk\u00e1 vesni\u010dka Kvilda","item":"https:\/\/www.cernaliska.cz\/2017\/01\/15\/horska-vesnicka-kvilda\/#breadcrumbitem"}]}]